{"id":1676,"date":"2013-07-23T09:28:10","date_gmt":"2013-07-23T09:28:10","guid":{"rendered":"http:\/\/www.carlocassaniti.it\/?p=1676"},"modified":"2013-07-23T09:28:10","modified_gmt":"2013-07-23T09:28:10","slug":"fukushima-acqua-radioattiva-nel-pacifico","status":"publish","type":"post","link":"https:\/\/www.carlocassaniti.it\/?p=1676","title":{"rendered":"Fukushima, acqua radioattiva nel Pacifico"},"content":{"rendered":"<p style=\"text-align: justify;\">TOKYO 22 luglio 2013\u00a0&#8211; La Tepco ha ammesso, per la prima volta, che le acque radioattive accumulate sotto la disastrata centrale nucleare di Fukushima sono finite nell&#8217;oceano Pacifico.\u00a0<span style=\"font-size: 13px;\">L&#8217;annuncio \u00e8 maturato all&#8217;indomani della vittoria elettorale dei Liberaldemocratici del premier Shinzo Abe che, insieme agli alleati del New Komeito, hanno centrato la maggioranza assoluta alla Camera Alta, saltando l&#8217;ostacolo del parlamento &#8216;diviso&#8217; e gettando le solide basi per la futura azione del governo.<!--more--><\/span><br \/>\n<span style=\"font-size: 13px;\">La tempistica ha destato legittimi sospetti: il premier, con buona parte del suo partito e della grande lobby industriale, \u00e8 tra i pi\u00f9 convinti sostenitori del riavvio dei reattori nucleari di cui sono attualmente in funzione solo due sui 50 totali.<\/span><br \/>\n<span style=\"font-size: 13px;\">All&#8217;inizio di luglio, dopo l&#8217;impennata della contaminazione della falda, la Nuclear Regulation Authority (Nra), l&#8217;agenzia nipponica sulla sicurezza nucleare, aveva senza mezzi termini ipotizzato che il riversamento in mare potesse essere stato continuo dal sisma\/tsunami dell&#8217;11 marzo 2011, all&#8217;origine della peggiore crisi atomica dopo Cernobyl. L&#8217;utility, che gestisce l&#8217;impianto, non era nelle &#8220;condizioni&#8221; di poter confermare.<\/span><br \/>\n<span style=\"font-size: 13px;\">&#8220;Vorremmo presentare le nostre pi\u00f9 sentite scuse per aver causato gravi preoccupazioni a molte persone, soprattutto a quelle di Fukushima&#8221;, ha affermato Masayuki Ono, top manager della Tepco, in una conferenza stampa, ripetendo una scena pi\u00f9 volte vista in passato. In base ai campioni prelevati, l&#8217;impatto della perdita \u00e8 considerata &#8220;arginata&#8221; dalle recinzioni messe intorno ai reattori, mentre le iniezioni di silicato di sodio nella parte della diga eretta a protezione del mare aperto, avrebbero frenato la dispersione.<\/span><br \/>\n<span style=\"font-size: 13px;\">A inizio mese, la contaminazione nella falda aveva mostrato valori in netto rialzo, fino a moltiplicare per 110 le quantit\u00e0 di cesio 134 nei campioni raccolti tra oceano e reattori.<\/span><br \/>\n<span style=\"font-size: 13px;\">In serata, il portavoce del governo Yoshihide Suga ha detto che i piani non cambiano: saranno riattivate le unit\u00e0 che la Nra &#8220;riterr\u00e0 sicure: l&#8217;energia a basso costo \u00e8 necessaria per la Abenomics&#8221;, la ricetta del premier per rilanciare l&#8217;economia.<\/span><br \/>\n<span style=\"font-size: 13px;\">Per Abe, comunque, non \u00e8 una grana di poco conto: i sondaggi indicano come la maggioranza della popolazione sia contraria all&#8217;atomo per uso civile, a maggior ragione dopo che quasi 2.000 lavoratori di Fukushima sono considerati a maggior rischio verso il tumore tiroideo. Taro Yamamoto, attore anti-nuclearista popolarissimo e neo senatore indipendente, ha promesso battaglia.<\/span><br \/>\n<span style=\"font-size: 13px;\">Il premier, nella conferenza stampa post elezioni, ha detto di volersi concentrare sull&#8217;economia tentando di fugare i timori di quanti pensano possa porre ora l&#8217;attenzione sulla parte del suo programma pi\u00f9 nazionalista, come le modifiche da apportare alla Costituzione pacifista. Con possibili riflessi nei rapporti gi\u00e0 tesi con Cina e Corea del Sud che oggi, sia pure con toni sfumati, non hanno mancato di esprimere pesanti dubbi.<\/span><br \/>\n<span style=\"font-size: 13px;\">Il rapporto tra Giappone e Cina \u00e8 &#8220;uno dei pi\u00f9 importanti&#8221;: per questo, ha rilevato Abe, da parte di Tokyo c&#8217;\u00e8 apertura al dialogo ministeriale e ai massimi livelli tra leader purch\u00e9 entrambe le parti &#8220;facciano sforzi&#8221;. La prima prova \u00e8 il 15 agosto, giorno della &#8216;sconfitta&#8217; della Seconda guerra mondiale: se andr\u00e0 al santuario nazionalista Yasukuni, il premier irriter\u00e0 Pechino e Seul, con pesanti effetti a tutto campo.<\/span><\/p>\n<p style=\"text-align: justify;\">(di Antonio Fatiguso)<\/p>\n<p style=\"text-align: justify;\"><em>Fonte: ANSA.IT<\/em><\/p>\n","protected":false},"excerpt":{"rendered":"<p>TOKYO 22 luglio 2013\u00a0&#8211; La Tepco ha ammesso, per la prima volta, che le acque radioattive accumulate sotto la disastrata centrale nucleare di Fukushima sono finite nell&#8217;oceano Pacifico.\u00a0L&#8217;annuncio \u00e8 maturato all&#8217;indomani della vittoria elettorale dei Liberaldemocratici del premier Shinzo Abe<\/p>\n","protected":false},"author":1,"featured_media":1677,"comment_status":"open","ping_status":"open","sticky":false,"template":"","format":"standard","meta":{"ngg_post_thumbnail":0,"footnotes":""},"categories":[9],"tags":[],"class_list":["post-1676","post","type-post","status-publish","format-standard","has-post-thumbnail","hentry","category-blog"],"_links":{"self":[{"href":"https:\/\/www.carlocassaniti.it\/index.php?rest_route=\/wp\/v2\/posts\/1676","targetHints":{"allow":["GET"]}}],"collection":[{"href":"https:\/\/www.carlocassaniti.it\/index.php?rest_route=\/wp\/v2\/posts"}],"about":[{"href":"https:\/\/www.carlocassaniti.it\/index.php?rest_route=\/wp\/v2\/types\/post"}],"author":[{"embeddable":true,"href":"https:\/\/www.carlocassaniti.it\/index.php?rest_route=\/wp\/v2\/users\/1"}],"replies":[{"embeddable":true,"href":"https:\/\/www.carlocassaniti.it\/index.php?rest_route=%2Fwp%2Fv2%2Fcomments&post=1676"}],"version-history":[{"count":0,"href":"https:\/\/www.carlocassaniti.it\/index.php?rest_route=\/wp\/v2\/posts\/1676\/revisions"}],"wp:featuredmedia":[{"embeddable":true,"href":"https:\/\/www.carlocassaniti.it\/index.php?rest_route=\/wp\/v2\/media\/1677"}],"wp:attachment":[{"href":"https:\/\/www.carlocassaniti.it\/index.php?rest_route=%2Fwp%2Fv2%2Fmedia&parent=1676"}],"wp:term":[{"taxonomy":"category","embeddable":true,"href":"https:\/\/www.carlocassaniti.it\/index.php?rest_route=%2Fwp%2Fv2%2Fcategories&post=1676"},{"taxonomy":"post_tag","embeddable":true,"href":"https:\/\/www.carlocassaniti.it\/index.php?rest_route=%2Fwp%2Fv2%2Ftags&post=1676"}],"curies":[{"name":"wp","href":"https:\/\/api.w.org\/{rel}","templated":true}]}}