{"id":1679,"date":"2013-08-13T08:14:47","date_gmt":"2013-08-13T08:14:47","guid":{"rendered":"http:\/\/www.carlocassaniti.it\/?p=1679"},"modified":"2013-08-13T08:15:01","modified_gmt":"2013-08-13T08:15:01","slug":"trivelle-orlando-scrive-allispra-raccogliere-informazioni","status":"publish","type":"post","link":"https:\/\/www.carlocassaniti.it\/?p=1679","title":{"rendered":"Trivelle: Orlando scrive all&#8217;Ispra, raccogliere informazioni"},"content":{"rendered":"<p style=\"text-align: justify;\">CHIETI, 12 agosto 2013 &#8211; Una &#8221;raccolta organica e ragionata delle informazioni consolidate e disponibili&#8221; con l&#8217;obiettivo di &#8221;definire un quadro quanto pi\u00f9 completo possibile sullo stato delle conoscenze in materia e di consentire pi\u00f9 accurate e solide analisi dei costi e dei benefici conseguenti&#8221;. Queste le richieste del ministro dell&#8217;Ambiente, Andrea Orlando, in una lettera all&#8217;Ispra in merito alla ricerca di idrocarburi.<!--more--><span style=\"font-size: 13px;\">Il ministro dell&#8217;Ambiente, che a Chieti ha incontrato otto sindaci della costa teatina alla presenza del prefetto, Fulvio Rocco De Marinis, dell&#8217;assessore alle Politiche Agricole Mauro Febbo e del sottosegretario alla presidenza del Consiglio Giovanni Legnini, interviene cos\u00ec su recenti atti di sindacato ispettivo e su alcune attivit\u00e0 delle competenti commissioni parlamentari che chiedono chiarezza sulla relazione tra le attivit\u00e0 di esplorazione per la ricerca e la coltivazione di campi di idrocarburi, sulla terraferma e in mare, e l&#8217;aumento, se non l&#8217;innesco, di una ulteriore attivit\u00e0 sismica non trascurabile anche su scala regionale.<\/span><br \/>\nOrlando nella lettera all&#8217;Ispra ricorda la costituzione presso il Dipartimento della Protezione civile della commissione internazionale Ichese, che ha avviato i lavori nel giugno 2013 proprio sull&#8217;argomento. &#8221;Sono consapevole che la problematica &#8211; scrive Orlando &#8211; non pu\u00f2 essere oggetto di una risposta da parte di Ispra, in quanto non rientrante tra le specifiche attribuzioni dell&#8217;istituto. Tuttavia ritengo opportuno che l&#8217;ente proceda ad una raccolta organica e ragionata delle informazioni consolidate e disponibili, cos\u00ec come di quelle prodotte dalle attivit\u00e0 poste oggi in essere da altri soggetti e autorit\u00e0&#8221;.\u00a0<span style=\"font-size: 13px;\">Proprio al largo della costa teatina, oggetto dell&#8217;incontro a Chieti, c&#8217;\u00e8 l&#8217;ipotesi per una nuova piattaforma.\u00a0<\/span><span style=\"font-size: 13px;\">&#8221;Fare un parco significa valorizzare un tratto di costa in tutte le forme in cui la valorizzazione va realizzata. Per quanto riguarda &#8216;Ombrina 2&#8217; ho chiesto un supplemento istruttorio, ho rinviato l&#8217;autorizzazione alla commissione per la valutazione dell&#8217;impatto ambientale&#8221; ha detto Orlando a proposito del Parco della Costa Teatina, della cui perimetrazione ha oggi parlato in un incontro con Regione e amministrazioni locali interessate, e del progetto di Medoilgas che prevede una piattaforma al largo delle coste abruzzesi e molisane.<\/span><\/p>\n<p><em>Fonte: ansa.it<\/em><\/p>\n","protected":false},"excerpt":{"rendered":"<p>CHIETI, 12 agosto 2013 &#8211; Una &#8221;raccolta organica e ragionata delle informazioni consolidate e disponibili&#8221; con l&#8217;obiettivo di &#8221;definire un quadro quanto pi\u00f9 completo possibile sullo stato delle conoscenze in materia e di consentire pi\u00f9 accurate e solide analisi dei<\/p>\n","protected":false},"author":1,"featured_media":307,"comment_status":"open","ping_status":"open","sticky":false,"template":"","format":"standard","meta":{"ngg_post_thumbnail":0,"footnotes":""},"categories":[6,9],"tags":[],"class_list":["post-1679","post","type-post","status-publish","format-standard","has-post-thumbnail","hentry","category-attivita-professionale","category-blog"],"_links":{"self":[{"href":"https:\/\/www.carlocassaniti.it\/index.php?rest_route=\/wp\/v2\/posts\/1679","targetHints":{"allow":["GET"]}}],"collection":[{"href":"https:\/\/www.carlocassaniti.it\/index.php?rest_route=\/wp\/v2\/posts"}],"about":[{"href":"https:\/\/www.carlocassaniti.it\/index.php?rest_route=\/wp\/v2\/types\/post"}],"author":[{"embeddable":true,"href":"https:\/\/www.carlocassaniti.it\/index.php?rest_route=\/wp\/v2\/users\/1"}],"replies":[{"embeddable":true,"href":"https:\/\/www.carlocassaniti.it\/index.php?rest_route=%2Fwp%2Fv2%2Fcomments&post=1679"}],"version-history":[{"count":2,"href":"https:\/\/www.carlocassaniti.it\/index.php?rest_route=\/wp\/v2\/posts\/1679\/revisions"}],"predecessor-version":[{"id":1681,"href":"https:\/\/www.carlocassaniti.it\/index.php?rest_route=\/wp\/v2\/posts\/1679\/revisions\/1681"}],"wp:featuredmedia":[{"embeddable":true,"href":"https:\/\/www.carlocassaniti.it\/index.php?rest_route=\/wp\/v2\/media\/307"}],"wp:attachment":[{"href":"https:\/\/www.carlocassaniti.it\/index.php?rest_route=%2Fwp%2Fv2%2Fmedia&parent=1679"}],"wp:term":[{"taxonomy":"category","embeddable":true,"href":"https:\/\/www.carlocassaniti.it\/index.php?rest_route=%2Fwp%2Fv2%2Fcategories&post=1679"},{"taxonomy":"post_tag","embeddable":true,"href":"https:\/\/www.carlocassaniti.it\/index.php?rest_route=%2Fwp%2Fv2%2Ftags&post=1679"}],"curies":[{"name":"wp","href":"https:\/\/api.w.org\/{rel}","templated":true}]}}