{"id":1710,"date":"2013-09-17T14:59:17","date_gmt":"2013-09-17T14:59:17","guid":{"rendered":"http:\/\/www.carlocassaniti.it\/?p=1710"},"modified":"2013-09-17T15:06:17","modified_gmt":"2013-09-17T15:06:17","slug":"a-50-anni-di-distanza-un-nuovo-libro-riscrive-la-storia-di-una-delle-piu-grandi-tragedie-il-vajont","status":"publish","type":"post","link":"https:\/\/www.carlocassaniti.it\/?p=1710","title":{"rendered":"A 50 anni di distanza un nuovo libro riscrive la storia di una delle pi\u00f9 grandi tragedie: il Vajont"},"content":{"rendered":"<p style=\"text-align: justify;\">17.09.2013 &#8211; \u201cA 50 anni di distanza da quel drammatico 9 Ottobre del 1963 quando la tragedia che colp\u00ec, Erto e Casso, Longarone, spezz\u00f2 la vita di migliaia di persone, la Fondazione Centro Studi del CNG e lo stesso Consiglio Nazionale dei Geologi pubblicano un libro che andando al di l\u00e0 della verit\u00e0 processuale riscrive la storia di una delle pi\u00f9 grandi tragedie italiane\u201d. <!--more-->Lo ha affermato oggi, Gian Vito Graziano, Presidente del CNG, intervenendo a Geoitalia 2013 iniziata oggi a Pisa e dove fino al 18 Settembre rester\u00e0 esposta una mostra fotografica inedita sul Vajont. Il libro-dossier sar\u00e0 pubblicato dalla Fondazione Centro Studi del CNG. \u201cSappiamo bene che il libro sollever\u00e0 polemiche. E\u2019 la prima cosa a cui abbiamo pensato \u2013 ha affermato Vittorio D\u2019Oriano, Presidente della Fondazione Centro Studi del CNG &#8211;\u00a0 dopo la prima lettura del testo. Ma abbiamo pensato anche alle 2000 vite spezzate. A quelle che da allora non sono state pi\u00f9 le stesse e che, ancora oggi, certamente si portano dentro un carico di dolore per noi inimmaginabile. E siamo tornati a Longarone, a camminare sui luoghi della tragedia e abbiamo avuto la consapevolezza della sacralit\u00e0 del luogo. La tragedia del Vajont, comunque la si metta, \u00e8 figlia dell\u2019uomo. Per onorare la memoria dei quasi duemila abitanti che persero la vita e di quanti ebbero, da quel momento, la vita stravolta, a cinquanta anni di distanza riteniamo si possa e si debba poter affermare che quella fu una tragedia figlia della troppa sicurezza di chi pensava di essere in grado di dominare gli eventi, della superficialit\u00e0 di coloro che magari intuirono lo sviluppo e la progressione della frana e fecero poco o nulla per arrestare i lavori, del fatalismo di coloro che pur avendo la consapevolezza della tragedia imminente poco o nulla fecero per allertare le popolazioni\u201d.\u00a0 \u201c9 OTTOBRE 1963 \u2013\u00a0<i>Che Iddio ce la mandi buona<\/i>\u00a0\u2013 LA FRANA DEL VAJONT \u2013 Memoria storica di una catastrofe prevedibile\u201d questo \u00e8 il titolo del dossier di Alvaro Valdinucci e Riccardo Massimiliano Menotti, mai pubblicato in 50 anni.<\/p>\n<p style=\"text-align: justify;\">\u201cPubblicare questo dattiloscritto, che solo ora \u00e8 giunto al Consiglio Nazionale dei Geologi grazie alla pervicacia del dott. Riccardo Menotti, ricercatore del CNR che con Alvaro Valdinucci ha collaborato alla stesura del testo \u2013 ha proseguito Graziano &#8211;\u00a0 dopo che per tanti anni esso \u00e8 stato deliberatamente rimandato al mittente da chi avrebbe invece potuto e dovuto diffonderlo, \u00e8 stato prima di tutto un obbligo morale nei confronti della ricerca della verit\u00e0, non solo di quella del Vajont, ma delle tante verit\u00e0 che in questo Paese non sono ancora emerse, legate a fatti tragici, ma sottaciute o rese segrete per presunti motivi di interesse generale e di sicurezza. Le verit\u00e0 possono far male, ma\u00a0alleviano il dolore di chi ha pagato il prezzo altissimo di aver perso i propri cari, le proprie cose e, come nel caso del Vajont, la propria identit\u00e0 e le proprie sicurezze. Sono tanti i figli di Longarone, di Erto e di Casso che hanno vista modificata la loro vita da quella terribile onda, che hanno deciso di andare via o di rimanere a vivere in un altra Longarone, perch\u00e9 questa non \u00e8 quella Longarone, che hanno dovuto affrontare un\u2019infanzia e poi una vita adulta molto diversa. Ma lo hanno fatto sulle loro spalle, pagandone interamente il prezzo, perch\u00e9 nessuno di questo li potr\u00e0 mai risarcire. A loro il Consiglio Nazionale dei Geologi dedica la pubblicazione di questo inedito dossier, a loro va tutto l\u2019affetto della comunit\u00e0 geologica italiana, che gli \u00e8 debitrice\u201d.<\/p>\n<p style=\"text-align: justify;\">L\u2019intero Consiglio Nazionale dei Geologi, presenter\u00e0 alla stampa il libro \u2013 dossier sul Vajont con una conferenza stampa che si svolger\u00e0, il 6 Ottobre, proprio sui luoghi della tragedia , pochi giorni prima del cinquantesimo anniversario di quella terribile notte .<\/p>\n<p style=\"text-align: justify;\">\u201cSono passati 50 anni e non deve restare nascosto pi\u00f9 nulla \u2013 ha concluso Graziano &#8211;\u00a0 neanche quelle zone grigie che non configurano pi\u00f9 responsabilit\u00e0 giudiziarie, a tanti anni ormai dai processi e dalle sentenze che seguirono, ma entro le quali si individuano errori di valutazione e conseguenti decisioni sbagliate di funzionari dello Stato e di noti uomini di scienza\u201d.<\/p>\n<p style=\"text-align: justify;\">Fonte: CNG<\/p>\n","protected":false},"excerpt":{"rendered":"<p>17.09.2013 &#8211; \u201cA 50 anni di distanza da quel drammatico 9 Ottobre del 1963 quando la tragedia che colp\u00ec, Erto e Casso, Longarone, spezz\u00f2 la vita di migliaia di persone, la Fondazione Centro Studi del CNG e lo stesso Consiglio<\/p>\n","protected":false},"author":1,"featured_media":1711,"comment_status":"open","ping_status":"open","sticky":false,"template":"","format":"standard","meta":{"ngg_post_thumbnail":0,"footnotes":""},"categories":[6,9],"tags":[],"class_list":["post-1710","post","type-post","status-publish","format-standard","has-post-thumbnail","hentry","category-attivita-professionale","category-blog"],"_links":{"self":[{"href":"https:\/\/www.carlocassaniti.it\/index.php?rest_route=\/wp\/v2\/posts\/1710","targetHints":{"allow":["GET"]}}],"collection":[{"href":"https:\/\/www.carlocassaniti.it\/index.php?rest_route=\/wp\/v2\/posts"}],"about":[{"href":"https:\/\/www.carlocassaniti.it\/index.php?rest_route=\/wp\/v2\/types\/post"}],"author":[{"embeddable":true,"href":"https:\/\/www.carlocassaniti.it\/index.php?rest_route=\/wp\/v2\/users\/1"}],"replies":[{"embeddable":true,"href":"https:\/\/www.carlocassaniti.it\/index.php?rest_route=%2Fwp%2Fv2%2Fcomments&post=1710"}],"version-history":[{"count":3,"href":"https:\/\/www.carlocassaniti.it\/index.php?rest_route=\/wp\/v2\/posts\/1710\/revisions"}],"predecessor-version":[{"id":1714,"href":"https:\/\/www.carlocassaniti.it\/index.php?rest_route=\/wp\/v2\/posts\/1710\/revisions\/1714"}],"wp:featuredmedia":[{"embeddable":true,"href":"https:\/\/www.carlocassaniti.it\/index.php?rest_route=\/wp\/v2\/media\/1711"}],"wp:attachment":[{"href":"https:\/\/www.carlocassaniti.it\/index.php?rest_route=%2Fwp%2Fv2%2Fmedia&parent=1710"}],"wp:term":[{"taxonomy":"category","embeddable":true,"href":"https:\/\/www.carlocassaniti.it\/index.php?rest_route=%2Fwp%2Fv2%2Fcategories&post=1710"},{"taxonomy":"post_tag","embeddable":true,"href":"https:\/\/www.carlocassaniti.it\/index.php?rest_route=%2Fwp%2Fv2%2Ftags&post=1710"}],"curies":[{"name":"wp","href":"https:\/\/api.w.org\/{rel}","templated":true}]}}