{"id":1742,"date":"2013-10-14T13:16:57","date_gmt":"2013-10-14T13:16:57","guid":{"rendered":"http:\/\/www.carlocassaniti.it\/?p=1742"},"modified":"2013-10-14T13:19:48","modified_gmt":"2013-10-14T13:19:48","slug":"irap-e-professionisti-nuova-sentenza-della-corte-di-cassazione","status":"publish","type":"post","link":"https:\/\/www.carlocassaniti.it\/?p=1742","title":{"rendered":"IRAP e professionisti: nuova sentenza della Corte di Cassazione"},"content":{"rendered":"<p style=\"text-align: justify;\">14\/10\/2013 &#8211; Il contribuente in grado di svolgere da solo la sua attivit\u00e0 \u00e8 necessariamente dotato di autonoma organizzazione, condizione sufficiente per l&#8217;imposizione dell&#8217;imposta regionale sulle attivit\u00e0 produttive, altrimenti detta &#8220;IRAP&#8221;.<\/p>\n<p style=\"text-align: justify;\">Lo ha affermato la Suprema Corte di Cassazione con la sentenza n. 22941 del 9 ottobre 2013, con la quale ha accolto il ricorso presentato contro l&#8217;Agenzia delle Entrate, avverso una sentenza della Commissione Tributaria regionale che aveva confermato il pagamento di una cartella di pagamento relativa all&#8217;IRAP. <!--more--><\/p>\n<p style=\"text-align: justify;\">Il professionista aveva proposto ricorso in Cassazione sostenendo la tesi di &#8220;assenza di autonoma organizzazione&#8221;con conseguente non assoggettabilit\u00e0 all&#8217;IRAP.\u00a0Gli ermellini hanno ricordato che l&#8217;esercizio delle \u00a0ttivit\u00e0 di lavoro autonomo \u00e8 escluso dall&#8217;applicazione dell&#8217;IRAP soltanto qualora si tratti di attivit\u00e0 non autonomamente organizzata, secondo l&#8217;accertamento riservato al giudice di merito ed insindacabile in sede di legittimit\u00e0, se congruamente motivato in ordine all&#8217;impiego di beni strumentali eccedenti, secondo l&#8217;id quod plerumgue accidit, il minimo indispensabile per l&#8217;esercizio dell&#8217;attivit\u00e0 in assenza di organizzazione, oppure si avvalga in modo non occasionale di lavoro altrui, costituendo onere del contribuente che richieda in rimborso di fornire la prova dell&#8217;assenza delle condizioni anzidette.<\/p>\n<p style=\"text-align: justify;\">Il caso di specie trattava di un professionista in assenza di dipendenti, che utilizza beni strumentali modesti e che aveva usufruito della struttura organizzativa di una societ\u00e0 esterna e dell&#8217;ospitalit\u00e0 di un altro studio. Dunque, come gi\u00e0 sostenuto in altre sentenze (leggi news), ai fini dell&#8217;autonoma organizzazione, per l&#8217;applicazione dell&#8217;Irap \u00e8 necessaria l&#8217;esistenza di una struttura predisposta dal professionista con personale da lui dipendente mentre tale requisito, precisano i giudici, &#8220;non si realizza quando il professionista operi all&#8217;interno di una struttura da altri gestita&#8221;.<\/p>\n<p style=\"text-align: justify;\">Fonte: <a href=\"http:\/\/www.lavoripubblici.it\">lavoripubblici.it<\/a><\/p>\n<p style=\"text-align: justify;\">Scarica la\u00a0<a href=\"http:\/\/www.carlocassaniti.it\/wp-content\/uploads\/2013\/10\/sentenza_cassazione_09.10.2013_22941.pdf\">sentenza_cassazione_09.10.2013_22941<\/a><\/p>\n","protected":false},"excerpt":{"rendered":"<p>14\/10\/2013 &#8211; Il contribuente in grado di svolgere da solo la sua attivit\u00e0 \u00e8 necessariamente dotato di autonoma organizzazione, condizione sufficiente per l&#8217;imposizione dell&#8217;imposta regionale sulle attivit\u00e0 produttive, altrimenti detta &#8220;IRAP&#8221;. Lo ha affermato la Suprema Corte di Cassazione con<\/p>\n","protected":false},"author":1,"featured_media":1744,"comment_status":"open","ping_status":"open","sticky":false,"template":"","format":"standard","meta":{"ngg_post_thumbnail":0,"footnotes":""},"categories":[9,1],"tags":[],"class_list":["post-1742","post","type-post","status-publish","format-standard","has-post-thumbnail","hentry","category-blog","category-uncategorized"],"_links":{"self":[{"href":"https:\/\/www.carlocassaniti.it\/index.php?rest_route=\/wp\/v2\/posts\/1742","targetHints":{"allow":["GET"]}}],"collection":[{"href":"https:\/\/www.carlocassaniti.it\/index.php?rest_route=\/wp\/v2\/posts"}],"about":[{"href":"https:\/\/www.carlocassaniti.it\/index.php?rest_route=\/wp\/v2\/types\/post"}],"author":[{"embeddable":true,"href":"https:\/\/www.carlocassaniti.it\/index.php?rest_route=\/wp\/v2\/users\/1"}],"replies":[{"embeddable":true,"href":"https:\/\/www.carlocassaniti.it\/index.php?rest_route=%2Fwp%2Fv2%2Fcomments&post=1742"}],"version-history":[{"count":9,"href":"https:\/\/www.carlocassaniti.it\/index.php?rest_route=\/wp\/v2\/posts\/1742\/revisions"}],"predecessor-version":[{"id":1753,"href":"https:\/\/www.carlocassaniti.it\/index.php?rest_route=\/wp\/v2\/posts\/1742\/revisions\/1753"}],"wp:featuredmedia":[{"embeddable":true,"href":"https:\/\/www.carlocassaniti.it\/index.php?rest_route=\/wp\/v2\/media\/1744"}],"wp:attachment":[{"href":"https:\/\/www.carlocassaniti.it\/index.php?rest_route=%2Fwp%2Fv2%2Fmedia&parent=1742"}],"wp:term":[{"taxonomy":"category","embeddable":true,"href":"https:\/\/www.carlocassaniti.it\/index.php?rest_route=%2Fwp%2Fv2%2Fcategories&post=1742"},{"taxonomy":"post_tag","embeddable":true,"href":"https:\/\/www.carlocassaniti.it\/index.php?rest_route=%2Fwp%2Fv2%2Ftags&post=1742"}],"curies":[{"name":"wp","href":"https:\/\/api.w.org\/{rel}","templated":true}]}}