{"id":1761,"date":"2013-10-21T09:15:53","date_gmt":"2013-10-21T09:15:53","guid":{"rendered":"http:\/\/www.carlocassaniti.it\/?p=1761"},"modified":"2013-10-21T09:16:38","modified_gmt":"2013-10-21T09:16:38","slug":"servizi-di-architettura-e-di-ingegneria-decreto-parametri-bis","status":"publish","type":"post","link":"https:\/\/www.carlocassaniti.it\/?p=1761","title":{"rendered":"Servizi di architettura e di Ingegneria: decreto parametri bis"},"content":{"rendered":"<p style=\"text-align: justify;\">21\/10\/2013\u00a0&#8211; Recentemente, nel corso di un seminario di aggiornamento,\u00a0Caterina Garufi\u00a0Magistrato dell\u2019Ufficio Legislativo Ministero della Giustizia ha fornito le ultime notizie in merito al decreto relativo ai\u00a0parametri per la determinazione dei corrispettivi da porre a base di gara per gli affidamenti di contratti di servizi attinenti all\u2019architettura e all\u2019ingegneria.<!--more-->Il Magistrato ha precisato che il provvedimento dopo i pareri del Consiglio superiore dei Lavori pubblici, dell\u2019Autorit\u00e0 per la vigilanza sui contratti pubblici e del Consiglio di Stato \u00e8 stato comunicato al Dipartimento affari giuridici e legislativi (Dagl) per essere inviato, infine, alla Corte dei conti prima della pubblicazione sulla Gazzetta ufficiale.<\/p>\n<p>Queste le ultime notizie nella speranza che un provvedimento che dovrebbe\u00a0mettere fine alla determinazione arbitraria degli importi a base d\u2019sta nei servizi di architettura e di ingegneria, venga al pi\u00f9 presto pubblicato sulla Gazzetta ufficiale.<br \/>\nPensiamo possa essere utile riassumere, qui di seguito, una storia che sta compiendo due anni:<\/p>\n<ol style=\"text-align: justify;\">\n<li>pubblicazione il\u00a024 gennaio 2013\u00a0del decreto-legge n. 1\/2012 che con l\u2019articolo 9, comma 2 ha abrogato tutto la disciplina in materia di tariffe professionali compresa la legge n. 143\/1949 che individuava le classi e categorie delle opere ed il decreto ministeriale 4\/4\/2001 sui lavori pubblici;<\/li>\n<li>pubblicazione il\u00a022 giugno 2013\u00a0del decreto-legge n. 83\/2012 che con l\u2019articolo 5, comma 1 ha modificato il citato articolo 9, comma 2 del decreto legge n. 1\/2012; con le modifiche introdotte, ai fini della determinazione dei corrispettivi da porre a base di gara nelle procedure di affidamento, si applicano i parametri individuati con decreto (decreto parametri bis) da emanarsi di concerto con il Ministro delle infrastrutture e dei trasporti; con il medesimo decreto sono, altres\u00ec, definite le classificazioni delle prestazioni professionali relative ai predetti servizi. Contestualmente, si chiarisce che fino all&#8217;emanazione di tale decreto, \u00able tariffe professionali e le classificazioni delle prestazioni vigenti prima della data di entrata in vigore del d.l. n. 1 del 2012 possono continuare ad essere utilizzate;<\/li>\n<li>nel mese di\u00a0novembre 2012\u00a0il decreto parametri bis, successivamente alla condivizione dei Consigli nazionali delle professioni tecniche, \u00e8 pronto per essere inviato al Consiglio superiore dei lavori pubblici ed all\u2019Autorit\u00e0 per la vigilanza sui contratti pubblici per i necessari pareri;<\/li>\n<li>il\u00a015 gennaio 2013\u00a0il Consiglio superiore dei lavori pubblici chiede al Ministero alcune modifiche, una su tutte francamente non condivisibile, ovvero quella che imporrebbe al RUP, nel fissare l&#8217;importo dei servizi da porre a base di gara, una preventiva verifica del parametro individuato rispetto alla corrispondente vecchia tariffa;<\/li>\n<li>il\u00a06 febbario 2013, l\u2019Autorit\u00e0 per la vigilanza sui contratti pubblici, riprendendo quanto gi\u00e0 detto dal Consiglio superiore dei lavori pubblici, osserva che gli esempi riportati nella relazione di accompagnamento allo schema di decreto non appaiono sufficienti ad escludere il superamento delle attuali tariffe per alcuni dei possibili servizi ricadenti nell&#8217;applicazione del Decreto;<\/li>\n<li>il\u00a017 maggio 2013, il Consiglio superiore dei Lavori Pubblici, esprime parere favorevole (con una serie di considerato da non sottovalutare) sullo schema di regolamento trasmesso dall&#8217;Ufficio Legislativo del Ministero delle infrastrutture e dei trasporti;<\/li>\n<li>nel mese di\u00a0luglio 2013, il decreto parametri-bis viene inviato al Consiglio di Stato;<\/li>\n<li>nel mese di\u00a0settembre 2013, il Consiglio di Stato esprime il proprio parere favorevole chiedendo una opportuna una ulteriore riflessione da parte del Ministero della Giustizia reputando validi i suggerimenti del Consiglio Superiore dei Lavori Pubblici e dell&#8217;Autorit\u00e0 per la vigilanza sui contratti pubblici di lavori, servizi e forniture.<\/li>\n<\/ol>\n<p style=\"text-align: justify;\">Questa la cronistoria di un provvedimento che non riesce, ancora, a distanza di quasi due anni a vedere la luce.<br \/>\nIn pratica il Consiglio di Stato condivide la richiesta del Consiglio superiore dei lavori pubblici e dell&#8217;Autorit\u00e0 per la vigilanza sui contratti pubblici pubblici dell&#8217;inserimento nell&#8217;articolo 1 del provvedimento di un ulteriore comma in cui venga affermato che compete alla stazione appaltante l&#8217;obbligo di verifica del rispetto del vincolo in sede di determinazione del corrispettivo in modo che lo stesso non determini un importo a base di gara superiore a quello derivante dall&#8217;applicazione delle tariffe professionali vigenti prima dell&#8217;entrata in vigore del decreto-legge 24 gennaio 2012, n. 1, convertito dalla legge 24 marzo 2012, n. 2. Il Consiglio di Stato ritiene, comunque, opportuna una ulteriore riflessione sulla questione da parte del Ministero, reputando validi i suggerimenti di Consiglio e Autorit\u00e0 e chiedendo l&#8217;inserimento nel citato articolo 1 di un ulteriore comma 5 cos\u00ec formulato: &#8220;Il rispetto del vincolo di cui al precedente comma 4 \u00e8 garantito dalla stazione appaltante&#8221;.<\/p>\n<p style=\"text-align: justify;\">Che succeder\u00e0 adesso? Come si comporter\u00e0 il Dipartimento affari giuridici e legislativi (Dagl)? Il provvedimento quando sar\u00e0 inviato alla Corte dei Conti?\u00a0Speriamo che qualcuno dia risposte a questi questiti.<br \/>\nA cura di\u00a0<strong><a href=\"mailto:redazione@lavoripubblici.it\">arch. Paolo Oreto<\/a><\/strong><\/p>\n<p style=\"text-align: justify;\">\u00a0Fonte: <em>www.lavoripubblici.it<\/em><\/p>\n","protected":false},"excerpt":{"rendered":"<p>21\/10\/2013\u00a0&#8211; Recentemente, nel corso di un seminario di aggiornamento,\u00a0Caterina Garufi\u00a0Magistrato dell\u2019Ufficio Legislativo Ministero della Giustizia ha fornito le ultime notizie in merito al decreto relativo ai\u00a0parametri per la determinazione dei corrispettivi da porre a base di gara per gli affidamenti<\/p>\n","protected":false},"author":1,"featured_media":1595,"comment_status":"open","ping_status":"open","sticky":false,"template":"","format":"standard","meta":{"ngg_post_thumbnail":0,"footnotes":""},"categories":[9,1],"tags":[],"class_list":["post-1761","post","type-post","status-publish","format-standard","has-post-thumbnail","hentry","category-blog","category-uncategorized"],"_links":{"self":[{"href":"https:\/\/www.carlocassaniti.it\/index.php?rest_route=\/wp\/v2\/posts\/1761","targetHints":{"allow":["GET"]}}],"collection":[{"href":"https:\/\/www.carlocassaniti.it\/index.php?rest_route=\/wp\/v2\/posts"}],"about":[{"href":"https:\/\/www.carlocassaniti.it\/index.php?rest_route=\/wp\/v2\/types\/post"}],"author":[{"embeddable":true,"href":"https:\/\/www.carlocassaniti.it\/index.php?rest_route=\/wp\/v2\/users\/1"}],"replies":[{"embeddable":true,"href":"https:\/\/www.carlocassaniti.it\/index.php?rest_route=%2Fwp%2Fv2%2Fcomments&post=1761"}],"version-history":[{"count":2,"href":"https:\/\/www.carlocassaniti.it\/index.php?rest_route=\/wp\/v2\/posts\/1761\/revisions"}],"predecessor-version":[{"id":1763,"href":"https:\/\/www.carlocassaniti.it\/index.php?rest_route=\/wp\/v2\/posts\/1761\/revisions\/1763"}],"wp:featuredmedia":[{"embeddable":true,"href":"https:\/\/www.carlocassaniti.it\/index.php?rest_route=\/wp\/v2\/media\/1595"}],"wp:attachment":[{"href":"https:\/\/www.carlocassaniti.it\/index.php?rest_route=%2Fwp%2Fv2%2Fmedia&parent=1761"}],"wp:term":[{"taxonomy":"category","embeddable":true,"href":"https:\/\/www.carlocassaniti.it\/index.php?rest_route=%2Fwp%2Fv2%2Fcategories&post=1761"},{"taxonomy":"post_tag","embeddable":true,"href":"https:\/\/www.carlocassaniti.it\/index.php?rest_route=%2Fwp%2Fv2%2Ftags&post=1761"}],"curies":[{"name":"wp","href":"https:\/\/api.w.org\/{rel}","templated":true}]}}