{"id":1771,"date":"2013-11-09T14:40:47","date_gmt":"2013-11-09T14:40:47","guid":{"rendered":"http:\/\/www.carlocassaniti.it\/?p=1771"},"modified":"2013-11-09T14:43:53","modified_gmt":"2013-11-09T14:43:53","slug":"difesa-del-suolo-avanti-sul-disegno-di-legge","status":"publish","type":"post","link":"https:\/\/www.carlocassaniti.it\/?p=1771","title":{"rendered":"Difesa del suolo: nel disegno di legge le regioni chiedono maggiore chiarezza sulle competenze."},"content":{"rendered":"<p style=\"text-align: justify;\">Roma, 9.11.2013 &#8211; Finalmente arriva il via libera da parte della Conferenza Unificata Stato-Regioni al ddl per la difesa del suolo.\u00a0Dall&#8217;approvazione in Consiglio dei ministri all&#8217;inizio dell&#8217;estate, il provvedimento che permette, sostanzialmente, di arginare il consumo di suolo riceve il parere favorevole delle regioni anche se con osservazioni &#8211; definite proposte emendative &#8220;irrinunciabili&#8221; &#8211; legate soprattutto ad un maggior coinvolgimento degli enti locali, specie nella pianificazione.<!--more--><br \/>\nPer lo &#8216;sblocco&#8217; dell&#8217;iter del ddl &#8211; proposto dai ministeri dell&#8217;Ambiente, delle Politiche agricole, dei Beni culturali, delle Infrastrutture &#8211; si era speso, pi\u00f9 volte, Andrea Orlando: con il via libera &#8220;avremo fatto un passo in avanti, altrimenti proporr\u00f2 la normativa come collegato alla Legge di Stabilit\u00e0&#8221; ha detto nei giorni scorsi.<\/p>\n<p style=\"text-align: justify;\">Per il ministro Orlando due sono i punti fondamentali del provvedimento: non poter costruire utilizzando nuovo suolo se non si \u00e8 gi\u00e0 intervenuti sull&#8217;esistente; non poter usare gli oneri di urbanizzazione per fare cassa. Per il presidente della commissione Ambiente alla Camera Ermete Realacci, parlando della Legge di Stabilit\u00e0, serve &#8220;un significativo aumento degli stanziamenti per la difesa del suolo&#8221;.<\/p>\n<p style=\"text-align: justify;\">I governatori &#8220;apprezzano l&#8217;iniziativa del Governo&#8221; e condividono &#8220;le finalit\u00e0&#8221; del disegno di legge: valorizzazione, promozione e tutela dei terreni agricoli, del paesaggio e dell&#8217;ambiente. Tra le modifiche che chiedono le Regioni, un &#8220;raccordo&#8221; del testo con &#8220;le normative regionali&#8221;, specie nel &#8220;governo del territorio&#8221;. In particolare sembrerebbe destare maggior attenzione quanto contenuto nell&#8217;articolo 4 sulle priorit\u00e0 del riuso per &#8220;le ricadute sull&#8217;attivit\u00e0 pianificatoria di competenza degli enti territoriali&#8221;. Poi, nel mirino anche l&#8217;articolo 9 ritenuto &#8220;invasivo delle competenze legislative regionali e delle attribuzioni degli enti locali&#8221;. L&#8217;Anci chiede la creazione di &#8220;incentivi per un minore e migliore utilizzo del suolo a favore dei comuni&#8221;, tipo la riconversione degli edifici esistenti sul modello di Berlino.<\/p>\n<p style=\"text-align: justify;\"><em>Fonte: ansa.it<\/em><\/p>\n","protected":false},"excerpt":{"rendered":"<p>Roma, 9.11.2013 &#8211; Finalmente arriva il via libera da parte della Conferenza Unificata Stato-Regioni al ddl per la difesa del suolo.\u00a0Dall&#8217;approvazione in Consiglio dei ministri all&#8217;inizio dell&#8217;estate, il provvedimento che permette, sostanzialmente, di arginare il consumo di suolo riceve il<\/p>\n","protected":false},"author":1,"featured_media":134,"comment_status":"open","ping_status":"open","sticky":false,"template":"","format":"standard","meta":{"ngg_post_thumbnail":0,"footnotes":""},"categories":[9,1],"tags":[],"class_list":["post-1771","post","type-post","status-publish","format-standard","has-post-thumbnail","hentry","category-blog","category-uncategorized"],"_links":{"self":[{"href":"https:\/\/www.carlocassaniti.it\/index.php?rest_route=\/wp\/v2\/posts\/1771","targetHints":{"allow":["GET"]}}],"collection":[{"href":"https:\/\/www.carlocassaniti.it\/index.php?rest_route=\/wp\/v2\/posts"}],"about":[{"href":"https:\/\/www.carlocassaniti.it\/index.php?rest_route=\/wp\/v2\/types\/post"}],"author":[{"embeddable":true,"href":"https:\/\/www.carlocassaniti.it\/index.php?rest_route=\/wp\/v2\/users\/1"}],"replies":[{"embeddable":true,"href":"https:\/\/www.carlocassaniti.it\/index.php?rest_route=%2Fwp%2Fv2%2Fcomments&post=1771"}],"version-history":[{"count":5,"href":"https:\/\/www.carlocassaniti.it\/index.php?rest_route=\/wp\/v2\/posts\/1771\/revisions"}],"predecessor-version":[{"id":1776,"href":"https:\/\/www.carlocassaniti.it\/index.php?rest_route=\/wp\/v2\/posts\/1771\/revisions\/1776"}],"wp:featuredmedia":[{"embeddable":true,"href":"https:\/\/www.carlocassaniti.it\/index.php?rest_route=\/wp\/v2\/media\/134"}],"wp:attachment":[{"href":"https:\/\/www.carlocassaniti.it\/index.php?rest_route=%2Fwp%2Fv2%2Fmedia&parent=1771"}],"wp:term":[{"taxonomy":"category","embeddable":true,"href":"https:\/\/www.carlocassaniti.it\/index.php?rest_route=%2Fwp%2Fv2%2Fcategories&post=1771"},{"taxonomy":"post_tag","embeddable":true,"href":"https:\/\/www.carlocassaniti.it\/index.php?rest_route=%2Fwp%2Fv2%2Ftags&post=1771"}],"curies":[{"name":"wp","href":"https:\/\/api.w.org\/{rel}","templated":true}]}}