{"id":2310,"date":"2015-10-17T15:42:05","date_gmt":"2015-10-17T15:42:05","guid":{"rendered":"http:\/\/www.carlocassaniti.it\/?p=2310"},"modified":"2015-10-17T15:43:40","modified_gmt":"2015-10-17T15:43:40","slug":"ansa-galletti-italia-trascurata-a-lungo-ora-prevenzione","status":"publish","type":"post","link":"https:\/\/www.carlocassaniti.it\/?p=2310","title":{"rendered":"Ansa: Galletti, Italia trascurata a lungo, ora prevenzione"},"content":{"rendered":"<p style=\"text-align: justify;\">16.10.2015 La tragica situazione provocata dall&#8217;ondata di maltempo nel beneventano &#8220;\u00e8 la fotografia del nostro Paese&#8221; che \u00e8 &#8220;a rischio perch\u00e8, per decenni, abbiamo trascurato il territorio e non abbiamo fatto interventi di prevenzione. Il risultato \u00e8 un Paese che ha ricevuto poca manutenzione&#8221;. Il ministro dell&#8217;Ambiente Gian Luca Galletti torna a parlare di dissesto idrogeologico e sottolinea che &#8220;oggi bisogna iniziare dalle emergenze e dalla prevenzione e dalla cultura del rispetto del territorio&#8221;, tre temi &#8220;che abbiamo sul tavolo&#8221;.<\/p>\n<p style=\"text-align: justify;\"><!--more--><\/p>\n<p style=\"text-align: justify;\">L&#8217;abbattimento delle case abusive \u00e8 una &#8220;priorit\u00e0&#8221;, assicura annunciando che ci sar\u00e0 presto &#8220;un fondo ad hoc, all&#8217;interno del collegato ambientale che spero di approvare entro fine anno, da 11 milioni per i Comuni; che se servir\u00e0 verr\u00e0 ulteriormente rifornito con soldi del ministero&#8221;. Al ministero dell&#8217;Ambiente si sta studiando un provvedimento &#8220;per le piccole frane dei comuni&#8221;, ha detto poi Galletti, rilevando che nella legge di Stabilit\u00e0 &#8220;c&#8217;\u00e8 la possibilit\u00e0 di utilizzare gli avanzi di amministrazione degli enti locali anche per interventi contro frane, pulizia dei fiumi e dissesto idrogeologico&#8221;. &#8220;Mai pi\u00f9 condoni edilizi in questo Stato&#8221; ma tutti gli sforzi per la prevenzione non basteranno mai a mettere il Paese al sicuro se non c&#8217;\u00e8 una cultura diffusa di rispetto del territorio. Contro il dissesto, ricorda il ministro, &#8220;abbiamo finanziato prima le opere che sono in stato avanzato di progettazione, oltre quelle a maggior rischio&#8221; per 1,3 miliardi, di cui 650 milioni sono gi\u00e0 finanziati, e &#8220;firmer\u00f2 probabilmente la prossima settimana gli accordi di programma con le Regioni e potremo cominciare ad aprire i cantieri. Mancano 650 milioni che pensiamo di finanziare con l&#8217;inizio dell&#8217;anno nuovo&#8221;.<\/p>\n<p style=\"text-align: justify;\">Il governo ha puntato sulla semplificazione per spendere risorse che erano ferme da 15 anni; il piano contro il dissesto dura sette anni e pu\u00f2 assorbire fino a sette miliardi. Per fare queste opere, aggiunge, &#8220;ci vogliono anni&#8221;, e &#8220;i risultati non \u00e8 che li vedremo adesso, e forse neanche nel prossimo autunno. Ma la sfida \u00e8 anche politica, perch\u00e9 la politica rifugge dagli interventi che non si vedono subito. Spero di lasciare un buon risultato al mio successore&#8221;. La natura, spiega Galletti, &#8220;sta facendo la natura in maniera molto pesante, e ci\u00f2 \u00e8 dovuto anche all&#8217;azione dell&#8217;uomo&#8221; che &#8220;ha accelerato questi processi, se addirittura non ne \u00e8 la causa&#8221;; gli scienziati &#8220;incominciano a collegare questi eventi ai cambiamenti climatici e all&#8217;azione dell&#8217;uomo&#8221;. Temi al centro della conferenza mondiale sul clima di Parigi a fine anno, appuntamento che secondo Galletti &#8220;\u00e8 davvero l&#8217;ultima chiamata. Se non troviamo l&#8217;accordo qui&#8221; sulla riduzione dei gas a effetto serra &#8220;e non ci mettiamo a lavorare subito, cio\u00e8 dal giorno dopo Parigi, probabilmente non avremo un&#8217;altra opportunit\u00e0. Poi non \u00e8 neanche detto che trovando l&#8217;accordo a Parigi si riesca a raggiungere il risultato&#8221;.<\/p>\n<p style=\"text-align: justify;\">Fonte: ANSA.IT<\/p>\n","protected":false},"excerpt":{"rendered":"<p>16.10.2015 La tragica situazione provocata dall&#8217;ondata di maltempo nel beneventano &#8220;\u00e8 la fotografia del nostro Paese&#8221; che \u00e8 &#8220;a rischio perch\u00e8, per decenni, abbiamo trascurato il territorio e non abbiamo fatto interventi di prevenzione. Il risultato \u00e8 un Paese che<\/p>\n","protected":false},"author":1,"featured_media":2158,"comment_status":"open","ping_status":"open","sticky":false,"template":"","format":"standard","meta":{"ngg_post_thumbnail":0,"footnotes":""},"categories":[9],"tags":[],"class_list":["post-2310","post","type-post","status-publish","format-standard","has-post-thumbnail","hentry","category-blog"],"_links":{"self":[{"href":"https:\/\/www.carlocassaniti.it\/index.php?rest_route=\/wp\/v2\/posts\/2310","targetHints":{"allow":["GET"]}}],"collection":[{"href":"https:\/\/www.carlocassaniti.it\/index.php?rest_route=\/wp\/v2\/posts"}],"about":[{"href":"https:\/\/www.carlocassaniti.it\/index.php?rest_route=\/wp\/v2\/types\/post"}],"author":[{"embeddable":true,"href":"https:\/\/www.carlocassaniti.it\/index.php?rest_route=\/wp\/v2\/users\/1"}],"replies":[{"embeddable":true,"href":"https:\/\/www.carlocassaniti.it\/index.php?rest_route=%2Fwp%2Fv2%2Fcomments&post=2310"}],"version-history":[{"count":4,"href":"https:\/\/www.carlocassaniti.it\/index.php?rest_route=\/wp\/v2\/posts\/2310\/revisions"}],"predecessor-version":[{"id":2314,"href":"https:\/\/www.carlocassaniti.it\/index.php?rest_route=\/wp\/v2\/posts\/2310\/revisions\/2314"}],"wp:featuredmedia":[{"embeddable":true,"href":"https:\/\/www.carlocassaniti.it\/index.php?rest_route=\/wp\/v2\/media\/2158"}],"wp:attachment":[{"href":"https:\/\/www.carlocassaniti.it\/index.php?rest_route=%2Fwp%2Fv2%2Fmedia&parent=2310"}],"wp:term":[{"taxonomy":"category","embeddable":true,"href":"https:\/\/www.carlocassaniti.it\/index.php?rest_route=%2Fwp%2Fv2%2Fcategories&post=2310"},{"taxonomy":"post_tag","embeddable":true,"href":"https:\/\/www.carlocassaniti.it\/index.php?rest_route=%2Fwp%2Fv2%2Ftags&post=2310"}],"curies":[{"name":"wp","href":"https:\/\/api.w.org\/{rel}","templated":true}]}}