{"id":2334,"date":"2016-01-08T18:02:21","date_gmt":"2016-01-08T18:02:21","guid":{"rendered":"http:\/\/www.carlocassaniti.it\/?p=2334"},"modified":"2016-01-08T18:04:24","modified_gmt":"2016-01-08T18:04:24","slug":"salinelle-di-paterno-non-e-piu-possibile-rinviare-uno-studio-multiparametrico-del-sito","status":"publish","type":"post","link":"https:\/\/www.carlocassaniti.it\/?p=2334","title":{"rendered":"Salinelle di Patern\u00f2: non \u00e8 pi\u00f9 possibile rinviare uno studio multiparametrico del sito"},"content":{"rendered":"<p style=\"text-align: justify;\"><em>Patern\u00f2, 08.01.2016<\/em><\/p>\n<p style=\"text-align: justify;\">Dopo il sopralluogo di stamani alle salinelle dello stadio di Patern\u00f2 \u00e8 stato possibile confermare come l\u2019ipotesi di migrazione dell\u2019area \u201cattiva\u201d formulata nel mese di agosto 2015 si sia rivelata corretta. Non \u00e8 pi\u00f9 possibile rinviare uno studio multiparametrico del sito perch\u00e9 a differenza di altre aree caratterizzate dal fenomeno geologico del vulcanismo sedimentario, l\u2019area dello stadio \u00e8 fortemente urbanizzata cosi da creare rischio alle abitazioni ieri sera interessate dalla ingente fuoriuscita di fango (diverse decine di metri cubi). Solo uno studio multidisciplinare di tipo geologico, geodetico, geofisico e geochimico pu\u00f2 portare la comunit\u00e0 scientifica a ricostruire il modello geologico del sistema al fine di definire gli scenari futuri di pericolosit\u00e0 e quindi il grado di rischio dell\u2019area. L\u2019auspicio \u00e8 quindi che il primo cittadino Mangano, dopo aver conseguito l\u2019inserimento dell\u2019area delle salinelle di Patern\u00f2 nel catalogo dei Geositi Siciliani, si attivi con urgenza per iniziare uno studio scientifico che vada ad integrare quanto fino ad oggi fatto, ma che non permette ancora di definire se l\u2019area urbana interessata dal fenomeno \u00e8 a rischio o meno.<\/p>\n<p style=\"text-align: justify;\"><em>Carlo Cassaniti<\/em><\/p>\n","protected":false},"excerpt":{"rendered":"<p>Patern\u00f2, 08.01.2016 Dopo il sopralluogo di stamani alle salinelle dello stadio di Patern\u00f2 \u00e8 stato possibile confermare come l\u2019ipotesi di migrazione dell\u2019area \u201cattiva\u201d formulata nel mese di agosto 2015 si sia rivelata corretta. Non \u00e8 pi\u00f9 possibile rinviare uno studio<\/p>\n","protected":false},"author":1,"featured_media":2337,"comment_status":"open","ping_status":"open","sticky":false,"template":"","format":"standard","meta":{"ngg_post_thumbnail":0,"footnotes":""},"categories":[9,7],"tags":[17,69,68,70],"class_list":["post-2334","post","type-post","status-publish","format-standard","has-post-thumbnail","hentry","category-blog","category-rassegna-stampa","tag-carlo-cassaniti","tag-geologi-sicilia","tag-salinelle-paterno","tag-vulcanismo-sedimentario"],"_links":{"self":[{"href":"https:\/\/www.carlocassaniti.it\/index.php?rest_route=\/wp\/v2\/posts\/2334","targetHints":{"allow":["GET"]}}],"collection":[{"href":"https:\/\/www.carlocassaniti.it\/index.php?rest_route=\/wp\/v2\/posts"}],"about":[{"href":"https:\/\/www.carlocassaniti.it\/index.php?rest_route=\/wp\/v2\/types\/post"}],"author":[{"embeddable":true,"href":"https:\/\/www.carlocassaniti.it\/index.php?rest_route=\/wp\/v2\/users\/1"}],"replies":[{"embeddable":true,"href":"https:\/\/www.carlocassaniti.it\/index.php?rest_route=%2Fwp%2Fv2%2Fcomments&post=2334"}],"version-history":[{"count":1,"href":"https:\/\/www.carlocassaniti.it\/index.php?rest_route=\/wp\/v2\/posts\/2334\/revisions"}],"predecessor-version":[{"id":2336,"href":"https:\/\/www.carlocassaniti.it\/index.php?rest_route=\/wp\/v2\/posts\/2334\/revisions\/2336"}],"wp:featuredmedia":[{"embeddable":true,"href":"https:\/\/www.carlocassaniti.it\/index.php?rest_route=\/wp\/v2\/media\/2337"}],"wp:attachment":[{"href":"https:\/\/www.carlocassaniti.it\/index.php?rest_route=%2Fwp%2Fv2%2Fmedia&parent=2334"}],"wp:term":[{"taxonomy":"category","embeddable":true,"href":"https:\/\/www.carlocassaniti.it\/index.php?rest_route=%2Fwp%2Fv2%2Fcategories&post=2334"},{"taxonomy":"post_tag","embeddable":true,"href":"https:\/\/www.carlocassaniti.it\/index.php?rest_route=%2Fwp%2Fv2%2Ftags&post=2334"}],"curies":[{"name":"wp","href":"https:\/\/api.w.org\/{rel}","templated":true}]}}