{"id":3214,"date":"2017-11-13T11:59:48","date_gmt":"2017-11-13T11:59:48","guid":{"rendered":"http:\/\/www.carlocassaniti.it\/?p=3214"},"modified":"2017-11-13T12:00:50","modified_gmt":"2017-11-13T12:00:50","slug":"via-libera-del-governo-nazionale-alla-riforma-della-protezione-civile","status":"publish","type":"post","link":"https:\/\/www.carlocassaniti.it\/?p=3214","title":{"rendered":"Via libera del governo nazionale alla riforma della Protezione Civile."},"content":{"rendered":"<p><img loading=\"lazy\" decoding=\"async\" class=\"aligncenter wp-image-3216 size-full\" src=\"http:\/\/www.carlocassaniti.it\/wp-content\/uploads\/2017\/11\/protezione_civile1.jpg\" alt=\"\" width=\"1200\" height=\"630\" srcset=\"https:\/\/www.carlocassaniti.it\/wp-content\/uploads\/2017\/11\/protezione_civile1.jpg 1200w, https:\/\/www.carlocassaniti.it\/wp-content\/uploads\/2017\/11\/protezione_civile1-300x158.jpg 300w, https:\/\/www.carlocassaniti.it\/wp-content\/uploads\/2017\/11\/protezione_civile1-768x403.jpg 768w, https:\/\/www.carlocassaniti.it\/wp-content\/uploads\/2017\/11\/protezione_civile1-1024x538.jpg 1024w\" sizes=\"auto, (max-width: 1200px) 100vw, 1200px\" \/><\/p>\n<p style=\"text-align: justify;\"><strong>13.11.2017 &#8211;&nbsp; VIA LIBERA DEL GOVERNO NAZIONALE ALLA RIFORMA DELLA PROTEZIONE CIVILE<\/strong><\/p>\n<hr>\n<p style=\"text-align: justify;\">Con la legge n. 30 del 16 marzo 2017, il Parlamento ha delegato il Governo per il riordino delle disposizioni legislative in materia di sistema nazionale della protezione civile. In particolare, entro nove mesi dalla data di entrata in vigore della legge, il Governo deve adottare uno o pi\u00f9&#8217; decreti legislativi di ricognizione, riordino, coordinamento, modifica e integrazione delle disposizioni legislative vigenti che disciplinano il Servizio nazionale della protezione civile e le relative funzioni, in base ai principi di leale collaborazione e di sussidiariet\u00e0&#8217; e nel rispetto dei principi e delle norme della Costituzione e dell&#8217;ordinamento dell&#8217;Unione europea.<\/p>\n<p style=\"text-align: justify;\">Il <strong>Consiglio dei Ministri<\/strong> si \u00e8 riunito venerd\u00ec 10 novembre 2017 e&nbsp;su proposta del Presidente Paolo Gentiloni, <strong>ha approvato, in esame preliminare, un decreto legislativo di attuazione della legge di riforma del sistema nazionale della protezione civile (legge 16 marzo 2017, n. 30).<\/strong><\/p>\n<p style=\"text-align: justify;\">L\u2019obiettivo del provvedimento \u00e8 il rafforzamento complessivo dell\u2019azione del servizio nazionale di protezione civile in tutte le sue funzioni, con particolare rilievo per le attivit\u00e0 operative in emergenza. A questo scopo, <em><strong>il decreto<\/strong><\/em>:<\/p>\n<ul style=\"text-align: justify;\">\n<li><em><strong>chiarisce in modo pi\u00f9 netto la differenziazione tra la linea politica e quella amministrativa e operativa ai differenti livello di governo territoriale;<\/strong><\/em><\/li>\n<li><em><strong>migliora la definizione della catena di comando e di controllo in emergenza in funzione delle diverse tipologie di emergenze;<\/strong><\/em><\/li>\n<li><em><strong>definisce le attivit\u00e0 di pianificazione volte a individuare a livello territoriale gli ambiti ottimali che garantiscano l\u2019effettivit\u00e0 delle funzioni di protezione civile;<\/strong><\/em><\/li>\n<li><em><strong>stabilisce la possibilit\u00e0 di svolgere le funzioni da parte dei comuni in forma aggregata e collegata al fondo regionale di protezione civile;<\/strong><\/em><\/li>\n<li><em><strong>migliora la definizione delle funzioni del Corpo nazionale dei vigili del fuoco, nell&#8217;ambito&nbsp;del servizio di protezione civile, quale componente fondamentale;<\/strong><\/em><\/li>\n<li><em><strong>introduce il provvedimento della \u201cmobilitazione nazionale\u201d, preliminare a quello della dichiarazione dello stato d\u2019emergenza;<\/strong><\/em><\/li>\n<li><em><strong>individua procedure pi\u00f9 rapide per la definizione dello stato di emergenza, con un primo stanziamento non collegato come attualmente alla ricognizione del danno;<\/strong><\/em><\/li>\n<li><em><strong>finalizza il fondo regionale di protezione civile al potenziamento territoriale e al concorso alle emergenze di livello regionale;<\/strong><\/em><\/li>\n<li><em><strong>coordina le norme in materia di volontariato di protezione civile, anche in raccordo con le recenti norme introdotte per il Terzo settore e con riferimento alla partecipazione del volontariato alla pianificazione di protezione civile.<\/strong><\/em><\/li>\n<\/ul>\n<p style=\"text-align: justify;\">Il testo definisce le finalit\u00e0, le attivit\u00e0 e la composizione del Servizio nazionale della Protezione civile, quale sistema che esercita la funzione di protezione civile costituita dall&#8217;insieme delle competenze e delle attivit\u00e0 volte a tutelare l\u2019integrit\u00e0 della vita, i beni, gli insediamenti e l\u2019ambiente dai danni o dal pericolo di danni derivanti da eventi calamitosi di origine naturale o dall&#8217;attivit\u00e0 dell\u2019uomo. Sono comprese tra tali attivit\u00e0 quelle volte alla <strong>previsione, prevenzione e mitigazione dei rischi, alla pianificazione e gestione delle emergenze e al loro superamento.<\/strong><\/p>\n<p style=\"text-align: justify;\">Si individuano le <strong>autorit\u00e0 di protezione civile<\/strong> che, secondo i principi di sussidiariet\u00e0, differenziazione e adeguatezza, garantiscono l\u2019unitariet\u00e0 dell\u2019ordinamento esercitando, in relazione ai rispettivi ambiti di governo, le funzioni di indirizzo politico in materia di protezione civile. Il testo conferma poi l\u2019attuale classificazione degli eventi emergenziali di protezione civile in base alla loro dimensione e gravit\u00e0.<\/p>\n<p style=\"text-align: justify;\">Per quanto riguarda l\u2019attivit\u00e0 per la previsione dei rischi, si stabilisce che il <strong>sistema di allertamento<\/strong>, articolato in un livello nazionale e uno regionale, abbia come obiettivo, ove possibile, il preannuncio in termini probabilistici degli eventi, nonch\u00e9 il monitoraggio e la sorveglianza in tempo reale degli stessi e dell\u2019evoluzione degli scenari di rischio, al fine di attivare il servizio nazionale della protezione civile ai differenti livelli territoriali; si prevede inoltre in modo esplicito la partecipazione dei cittadini, in forma singola o associata, al processo di elaborazione della pianificazione di protezione civile, in correlazione alle esigenze di diffusione della conoscenza di tali strumenti e della relativa informazione.<\/p>\n<p style=\"text-align: justify;\">Si delinea poi il quadro generale per la <strong>gestione delle emergenze di rilievo nazionale<\/strong>, articolato in diverse fasi:<\/p>\n<ul style=\"text-align: justify;\">\n<li>la dichiarazione dello stato di mobilitazione del servizio nazionale della protezione civile, che consente un intervento del sistema nazionale anche in fase preventiva, ove possibile;<\/li>\n<li>la dichiarazione dello stato di emergenza, con la definizione di un primo stanziamento da destinare all&#8217;avvio delle attivit\u00e0 di soccorso e di assistenza alla popolazione. Tale fase si attiva al verificarsi degli eventi di livello nazionale, a seguito di una valutazione speditiva eseguita dal dipartimento della protezione civile, sulla base delle informazioni ricevute in raccordo con i territori, nelle more della ricognizione puntuale del danno (oggi il primo stanziamento avviene dopo la ricognizione del danno con allungamento dei tempi di delibera e di intervento);<\/li>\n<li>l\u2019individuazione delle ulteriori risorse necessarie per il prosieguo delle attivit\u00e0, a seguito della valutazione dell\u2019effettivo impatto dell\u2019evento;<\/li>\n<\/ul>\n<p style=\"text-align: justify;\">Tra le principali novit\u00e0 riguardanti lo <strong>stato di emergenza<\/strong>, si prevede, in particolare, che la dichiarazione non possa superare in termini temporali i 12 mesi pi\u00f9 12, in luogo dei 6 mesi pi\u00f9 6 previsti oggi. Inoltre, le ordinanze di protezione civile sono emanate acquisita l\u2019intesa delle Regioni interessate e possono intervenire, oltre che riguardo all\u2019organizzazione e all\u2019effettuazione degli interventi di soccorso e assistenza alla popolazione, al ripristino della funzionalit\u00e0 dei servizi pubblici e delle infrastrutture di reti strategiche, alla gestione dei rifiuti, delle macerie e alle misure volte a garantire la continuit\u00e0 amministrativa, anche riguardo all\u2019attivazione delle prime misure economiche di immediato sostegno al tessuto economico e sociale dei cittadini e delle attivit\u00e0 economiche e produttive direttamente interessate dall\u2019evento per fronteggiare le necessit\u00e0 pi\u00f9 urgenti.<\/p>\n<p style=\"text-align: justify;\">Per dare il giusto risalto alla partecipazione dei cittadini alle attivit\u00e0 di protezione civile, si regolamentano le <strong>attivit\u00e0 di volontariato organizzato<\/strong>, definendo in maniera chiara i gruppi comunali di protezione civile e introducendo la responsabilit\u00e0 del cittadino rispetto alle indicazioni date dalle autorit\u00e0 di protezione civile ai diversi livelli.<\/p>\n<p style=\"text-align: justify;\">Per quanto riguarda, infine, le <strong>misure<\/strong> <strong>e<\/strong> gli <strong>strumenti organizzativi e finanziari<\/strong> per la realizzazione delle attivit\u00e0 di protezione civile, il testo prevede una ripartizione delle risorse in tre fondi:<\/p>\n<ul style=\"text-align: justify;\">\n<li>fondo nazionale di protezione civile per le attivit\u00e0 di previsione e prevenzione (risorse per lo svolgimento delle attivit\u00e0 di previsione e prevenzione dei rischi assicurate dal dipartimento della protezione civile gi\u00e0 iscritte al bilancio);<\/li>\n<li>fondo per le emergenze nazionali (per gli eventi emergenziali nazionali);<\/li>\n<li>fondo regionale di protezione civile (fondo che contribuisce al potenziamento del sistema di protezione civile regionale e concorre agli interventi di carattere regionale).<\/li>\n<\/ul>\n<hr>\n<p style=\"text-align: justify;\">Scarica la&nbsp;<strong><span style=\"color: #0000ff;\"><em><a href=\"http:\/\/www.carlocassaniti.it\/wp-content\/uploads\/2017\/11\/Legge_n.30_16-marzo-2017_GU_delega_riforma-protezione-civile.pdf\">Legge n.30 del 16 marzo 2017<\/a><\/em><\/span><\/strong><\/p>\n<hr>\n<p>&nbsp;<\/p>\n","protected":false},"excerpt":{"rendered":"<p>13.11.2017 &#8211;&nbsp; VIA LIBERA DEL GOVERNO NAZIONALE ALLA RIFORMA DELLA PROTEZIONE CIVILE Con la legge n. 30 del 16 marzo 2017, il Parlamento ha delegato il Governo per il riordino delle disposizioni legislative in materia di sistema nazionale della protezione<\/p>\n","protected":false},"author":1,"featured_media":3216,"comment_status":"open","ping_status":"open","sticky":false,"template":"","format":"standard","meta":{"ngg_post_thumbnail":0,"footnotes":""},"categories":[9],"tags":[],"class_list":["post-3214","post","type-post","status-publish","format-standard","has-post-thumbnail","hentry","category-blog"],"_links":{"self":[{"href":"https:\/\/www.carlocassaniti.it\/index.php?rest_route=\/wp\/v2\/posts\/3214","targetHints":{"allow":["GET"]}}],"collection":[{"href":"https:\/\/www.carlocassaniti.it\/index.php?rest_route=\/wp\/v2\/posts"}],"about":[{"href":"https:\/\/www.carlocassaniti.it\/index.php?rest_route=\/wp\/v2\/types\/post"}],"author":[{"embeddable":true,"href":"https:\/\/www.carlocassaniti.it\/index.php?rest_route=\/wp\/v2\/users\/1"}],"replies":[{"embeddable":true,"href":"https:\/\/www.carlocassaniti.it\/index.php?rest_route=%2Fwp%2Fv2%2Fcomments&post=3214"}],"version-history":[{"count":2,"href":"https:\/\/www.carlocassaniti.it\/index.php?rest_route=\/wp\/v2\/posts\/3214\/revisions"}],"predecessor-version":[{"id":3218,"href":"https:\/\/www.carlocassaniti.it\/index.php?rest_route=\/wp\/v2\/posts\/3214\/revisions\/3218"}],"wp:featuredmedia":[{"embeddable":true,"href":"https:\/\/www.carlocassaniti.it\/index.php?rest_route=\/wp\/v2\/media\/3216"}],"wp:attachment":[{"href":"https:\/\/www.carlocassaniti.it\/index.php?rest_route=%2Fwp%2Fv2%2Fmedia&parent=3214"}],"wp:term":[{"taxonomy":"category","embeddable":true,"href":"https:\/\/www.carlocassaniti.it\/index.php?rest_route=%2Fwp%2Fv2%2Fcategories&post=3214"},{"taxonomy":"post_tag","embeddable":true,"href":"https:\/\/www.carlocassaniti.it\/index.php?rest_route=%2Fwp%2Fv2%2Ftags&post=3214"}],"curies":[{"name":"wp","href":"https:\/\/api.w.org\/{rel}","templated":true}]}}