{"id":3316,"date":"2018-11-17T17:35:08","date_gmt":"2018-11-17T17:35:08","guid":{"rendered":"https:\/\/www.carlocassaniti.it\/?p=3316"},"modified":"2018-11-17T17:36:44","modified_gmt":"2018-11-17T17:36:44","slug":"maltempo-firmata-lordinanza-di-protezione-civile-per-gli-interventi-urgenti-nelle-regioni-colpite","status":"publish","type":"post","link":"https:\/\/www.carlocassaniti.it\/?p=3316","title":{"rendered":"Maltempo: firmata l\u2019ordinanza di protezione civile per gli interventi urgenti nelle regioni colpite"},"content":{"rendered":"<p><img loading=\"lazy\" decoding=\"async\" class=\"aligncenter wp-image-3317 size-full\" src=\"https:\/\/www.carlocassaniti.it\/wp-content\/uploads\/2018\/11\/alluvione.jpg\" alt=\"\" width=\"1200\" height=\"500\" srcset=\"https:\/\/www.carlocassaniti.it\/wp-content\/uploads\/2018\/11\/alluvione.jpg 1200w, https:\/\/www.carlocassaniti.it\/wp-content\/uploads\/2018\/11\/alluvione-300x125.jpg 300w, https:\/\/www.carlocassaniti.it\/wp-content\/uploads\/2018\/11\/alluvione-768x320.jpg 768w, https:\/\/www.carlocassaniti.it\/wp-content\/uploads\/2018\/11\/alluvione-1024x427.jpg 1024w\" sizes=\"auto, (max-width: 1200px) 100vw, 1200px\" \/><\/p>\n<p style=\"text-align: justify;\"><span class=\"date\">16 novembre 2018 &#8211;&nbsp;<\/span>Il Capo del Dipartimento della Protezione civile, Angelo Borrelli, ha firmato l\u2019ordinanza che disciplina i primi interventi urgenti conseguenti agli eventi meteorologici eccezionali che, a partire dallo scorso ottobre, hanno interessato i territori delle Regioni Calabria, Emilia-Romagna, Friuli Venezia Giulia, Lazio, Liguria, Lombardia, Toscana, Sardegna, Siciliana, Veneto e delle Province autonome di Trento e Bolzano.<\/p>\n<p style=\"text-align: justify;\">Il provvedimento, che fa seguito alla dichiarazione dello stato di emergenza deliberato l\u20198 novembre dal Consiglio dei Ministri, nomina Commissari delegati, ciascuno per il proprio ambito territoriale, i Presidenti delle Regioni Calabria, Emilia-Romagna, Friuli Venezia Giulia, Liguria, Toscana e Veneto, i direttori della protezione civile delle Regioni Lazio, Lombardia, Sardegna e il dirigente generale del Dipartimento della protezione civile della Regione Siciliana. Le Province autonome di Trento e Bolzano provvedono direttamente ad effettuare le attivit\u00e0 previste dall\u2019ordinanza nei rispettivi territori. L\u2019ordinanza prevede la pi\u00f9 ampia flessibilit\u00e0 organizzativa potendo i commissari avvalersi delle strutture e degli uffici regionali, provinciali, comunali, delle loro societ\u00e0 in house e delle amministrazioni centrali e periferiche dello Stato, anche in raccordo con le ANCI regionali, e individuare soggetti attuatori per specifici settori di attivit\u00e0, che agiscono sulla base delle direttive dei Commissari.<\/p>\n<p>Ai Commissari delegati spetta la predisposizione di un piano di interventi urgenti che includa le attivit\u00e0 di soccorso e assistenza alla popolazione, di rimozione delle situazioni di pericolo, di ripristino della funzionalit\u00e0 dei servizi pubblici e delle infrastrutture di reti strategiche, di gestione dei rifiuti e delle macerie, dell\u2019attuazione di misure volte a garantire la continuit\u00e0 amministrativa nei territori interessati. Per gli interventi relativi alla viabilit\u00e0, anche in gestione ad Enti territoriali e locali, i Commissari delegati possono avvalersi di Anas Spa come soggetto attuatore.<\/p>\n<p style=\"text-align: justify;\">Tra le misure di immediato sostegno al tessuto economico e sociale nei confronti della popolazione e delle attivit\u00e0 produttive colpite dal maltempo l\u2019ordinanza prevede, per la prima volta nella storia degli interventi emergenziali, un contributo una tantum nel limite massimo di 5.000 euro per i nuclei familiari la cui abitazione principale, abituale e continuativa, risulti compromessa nella sua funzionalit\u00e0 dal maltempo e, nel limite di 20.000 euro, per l\u2019immediata ripresa delle attivit\u00e0 economiche e produttive, sulla base di apposita ricognizione svolta dai commissari. I Commissari delegati entro 30 giorni dalla pubblicazione dell\u2019ordinanza definiscono per ciascun comune la stima delle risorse necessarie. I contributi sono riconosciuti solo nella parte eventualmente non coperta da polizze assicurative.&nbsp;<\/p>\n<p style=\"text-align: justify;\">I commissari sono, inoltre, autorizzati ad assegnare un Contributo per l\u2019Autonoma Sistemazione (CAS) ai nuclei familiari la cui abitazione principale sia stata distrutta, in tutto o in parte, o sia stata sgomberata. In particolare, il contributo pu\u00f2 variare da un minimo di 400 euro mensili ad un massimo di 900 euro mensili, variando in base al numero dei componenti del nucleo familiare. \u00c8 possibile inoltre erogare ulteriori 200 euro mensili, anche in aggiunta al limite massimo, per ogni componente della famiglia di et\u00e0 superiore ai 65 anni o disabile con invalidit\u00e0 non inferiore al 67%. Il CAS \u00e8 alternativo alla fornitura gratuita di alloggi da parte dell\u2019amministrazione regionale, provinciale o comunale. L\u2019ordinanza prevede inoltre la possibilit\u00e0 di chiedere la sospensione delle rate dei mutui.<\/p>\n<p style=\"text-align: justify;\">Per quanto riguarda gli alberi abbattuti e i materiali vegetali, il legname rimosso potr\u00e0 essere stoccato in apposite aree di deposito. Entro 5 giorni dall\u2019adozione dell\u2019ordinanza, i Commissari delegati determinano gli ambiti territoriali di intervento per l\u2019affidamento dei servizi di rimozione del legname, provvedendo inoltre all\u2019individuazione dei soggetti attuatori, che abbiano una specifica conoscenza del territorio, quali i sindaci dei comuni colpiti. I commissari possono affidare i relativi servizi con procedure d\u2019urgenza; tali interventi inoltre, considerati prioritari, possono essere eseguiti stipulando i contratti di affidamento entro 15 giorni dall\u2019adozione dell\u2019ordinanza e concludendo i lavori entro 40 giorni dalla stipula, salvo proroga per cause di forza maggiore o per condizioni climatiche sfavorevoli. Lo smaltimento di materiale eventualmente contenente amianto spetta a ditte specializzate. Per la rimozione di alberi abbattuti e dei materiali vegetali in zone urbanizzate, negli alvei di fiumi, in laghi e corsi d\u2019acqua, i Commissari sono autorizzati anche a cedere il materiale ai soggetti che realizzano gli interventi, quale compensazione del lavoro svolto, inoltre, potranno cedere a prezzo da stabilire il legname utilizzabile a fini commerciali e industriali. In questo caso il corrispettivo \u00e8 finalizzato al rimboschimento. Il tutto al fine di evitare ulteriori pericoli per l\u2019incolumit\u00e0 pubblica e privata.<\/p>\n<p style=\"text-align: justify;\">Per l\u2019espletamento di tali interventi d\u2019urgenza, \u00e8 a disposizione dei Commissari delegati e delle Province autonome di Trento e Bolzano la somma complessiva di 53.500.000,00 deliberata dal Consiglio dei Ministri dell\u20198 novembre.<\/p>\n<p>Fonte: <a href=\"http:\/\/www.protezionecivile.gov.it\/jcms\/it\/home.wp\" target=\"_blank\" rel=\"noopener\">DPC<\/a><\/p>\n","protected":false},"excerpt":{"rendered":"<p>16 novembre 2018 &#8211;&nbsp;Il Capo del Dipartimento della Protezione civile, Angelo Borrelli, ha firmato l\u2019ordinanza che disciplina i primi interventi urgenti conseguenti agli eventi meteorologici eccezionali che, a partire dallo scorso ottobre, hanno interessato i territori delle Regioni Calabria, Emilia-Romagna,<\/p>\n","protected":false},"author":1,"featured_media":3317,"comment_status":"closed","ping_status":"closed","sticky":false,"template":"","format":"standard","meta":{"ngg_post_thumbnail":0,"footnotes":""},"categories":[6,9,1],"tags":[94,95,83,96],"class_list":["post-3316","post","type-post","status-publish","format-standard","has-post-thumbnail","hentry","category-attivita-professionale","category-blog","category-uncategorized","tag-maltempo","tag-ordinanza","tag-protezione-civile","tag-regione-sicilia"],"_links":{"self":[{"href":"https:\/\/www.carlocassaniti.it\/index.php?rest_route=\/wp\/v2\/posts\/3316","targetHints":{"allow":["GET"]}}],"collection":[{"href":"https:\/\/www.carlocassaniti.it\/index.php?rest_route=\/wp\/v2\/posts"}],"about":[{"href":"https:\/\/www.carlocassaniti.it\/index.php?rest_route=\/wp\/v2\/types\/post"}],"author":[{"embeddable":true,"href":"https:\/\/www.carlocassaniti.it\/index.php?rest_route=\/wp\/v2\/users\/1"}],"replies":[{"embeddable":true,"href":"https:\/\/www.carlocassaniti.it\/index.php?rest_route=%2Fwp%2Fv2%2Fcomments&post=3316"}],"version-history":[{"count":3,"href":"https:\/\/www.carlocassaniti.it\/index.php?rest_route=\/wp\/v2\/posts\/3316\/revisions"}],"predecessor-version":[{"id":3320,"href":"https:\/\/www.carlocassaniti.it\/index.php?rest_route=\/wp\/v2\/posts\/3316\/revisions\/3320"}],"wp:featuredmedia":[{"embeddable":true,"href":"https:\/\/www.carlocassaniti.it\/index.php?rest_route=\/wp\/v2\/media\/3317"}],"wp:attachment":[{"href":"https:\/\/www.carlocassaniti.it\/index.php?rest_route=%2Fwp%2Fv2%2Fmedia&parent=3316"}],"wp:term":[{"taxonomy":"category","embeddable":true,"href":"https:\/\/www.carlocassaniti.it\/index.php?rest_route=%2Fwp%2Fv2%2Fcategories&post=3316"},{"taxonomy":"post_tag","embeddable":true,"href":"https:\/\/www.carlocassaniti.it\/index.php?rest_route=%2Fwp%2Fv2%2Ftags&post=3316"}],"curies":[{"name":"wp","href":"https:\/\/api.w.org\/{rel}","templated":true}]}}